{"id":1122,"date":"2024-04-18T16:00:54","date_gmt":"2024-04-18T16:00:54","guid":{"rendered":"https:\/\/tiemponoticias.com.ar\/noticias\/?p=1122"},"modified":"2024-04-18T16:00:54","modified_gmt":"2024-04-18T16:00:54","slug":"nos-parecia-oportuno-manifestarnos-contra-una-persona-como-lijo-que-es-bastante-controvertida-y-cuestionada","status":"publish","type":"post","link":"https:\/\/tiemponoticias.com.ar\/noticias\/nos-parecia-oportuno-manifestarnos-contra-una-persona-como-lijo-que-es-bastante-controvertida-y-cuestionada\/","title":{"rendered":"\u201cNOS PAREC\u00cdA OPORTUNO MANIFESTARNOS CONTRA UNA PERSONA COMO LIJO QUE ES BASTANTE CONTROVERTIDA Y CUESTIONADA\u201d"},"content":{"rendered":"<p>Fueron las declaraciones a trav\u00e9s de <a class=\"x1i10hfl xjbqb8w x1ejq31n xd10rxx x1sy0etr x17r0tee x972fbf xcfux6l x1qhh985 xm0m39n x9f619 x1ypdohk xt0psk2 xe8uvvx xdj266r x11i5rnm xat24cr x1mh8g0r xexx8yu x4uap5 x18d9i69 xkhd6sd x16tdsg8 x1hl2dhg xggy1nq x1a2a7pz xt0b8zv xzsf02u x1s688f\" tabindex=\"0\" role=\"link\" href=\"https:\/\/www.facebook.com\/hashtag\/fmtiempo?__eep__=6&amp;__tn__=*NK*F\">#FmTiempo<\/a>\u00a0del presidente de la Sociedad Rural Baradero, Bruno Violi luego de adherir al comunicado emitido por las diferentes entidades del sector que se oponen la designaci\u00f3n del juez Ariel Lijo como integrante de la Corte Suprema de Justicia.<br class=\"html-br\" \/><br class=\"html-br\" \/>\u201cEl tema de la incorporaci\u00f3n de Lijo a la Corte Suprema nos parec\u00eda oportuno manifestarnos contra una persona que es bastante controvertida y cuestionada\u201d.<br class=\"html-br\" \/><br class=\"html-br\" \/>\u201cLa verdad que es bastante controvertida y nosotros no estamos de acuerdo y por eso es que no compartimos\u201d.<br class=\"html-br\" \/><br class=\"html-br\" \/>\u201cEs una persona que tiene causas por lavado de dinero y no corresponde a la imagen del pa\u00eds en la justicia que estamos buscando\u201d.<br class=\"html-br\" \/><br class=\"html-br\" \/>\u201cSabemos que hay funcionarios imputados tambi\u00e9n pero ya la Corte Suprema es un lugar mucho m\u00e1s delicado; esto es m\u00e1s resonante\u201d.<br class=\"html-br\" \/><br class=\"html-br\" \/>\u201cLa esperanza de todo el mundo es que se alivie la cuesti\u00f3n econ\u00f3mica del pa\u00eds con este Presidente\u201d.<\/p>\n<p>Tiemponoticias.com.ar<\/p>\n<p>Www.tiemponoticias.com.ar<\/p>\n<p>Noticias Baradero<\/p>\n","protected":false},"excerpt":{"rendered":"<p>Fueron las declaraciones a trav\u00e9s de #FmTiempo\u00a0del presidente de la Sociedad Rural Baradero, Bruno Violi luego de adherir al comunicado emitido por las diferentes entidades del sector que se oponen la designaci\u00f3n del juez Ariel Lijo como integrante de la Corte Suprema de Justicia.\u201cEl tema de la incorporaci\u00f3n de Lijo a la Corte Suprema nos [&hellip;]<\/p>\n","protected":false},"author":4,"featured_media":1123,"comment_status":"open","ping_status":"open","sticky":false,"template":"","format":"standard","meta":{"footnotes":""},"categories":[174],"tags":[61],"class_list":["post-1122","post","type-post","status-publish","format-standard","has-post-thumbnail","hentry","category-local","tag-principal"],"amp_enabled":true,"_links":{"self":[{"href":"https:\/\/tiemponoticias.com.ar\/noticias\/wp-json\/wp\/v2\/posts\/1122","targetHints":{"allow":["GET"]}}],"collection":[{"href":"https:\/\/tiemponoticias.com.ar\/noticias\/wp-json\/wp\/v2\/posts"}],"about":[{"href":"https:\/\/tiemponoticias.com.ar\/noticias\/wp-json\/wp\/v2\/types\/post"}],"author":[{"embeddable":true,"href":"https:\/\/tiemponoticias.com.ar\/noticias\/wp-json\/wp\/v2\/users\/4"}],"replies":[{"embeddable":true,"href":"https:\/\/tiemponoticias.com.ar\/noticias\/wp-json\/wp\/v2\/comments?post=1122"}],"version-history":[{"count":1,"href":"https:\/\/tiemponoticias.com.ar\/noticias\/wp-json\/wp\/v2\/posts\/1122\/revisions"}],"predecessor-version":[{"id":1124,"href":"https:\/\/tiemponoticias.com.ar\/noticias\/wp-json\/wp\/v2\/posts\/1122\/revisions\/1124"}],"wp:featuredmedia":[{"embeddable":true,"href":"https:\/\/tiemponoticias.com.ar\/noticias\/wp-json\/wp\/v2\/media\/1123"}],"wp:attachment":[{"href":"https:\/\/tiemponoticias.com.ar\/noticias\/wp-json\/wp\/v2\/media?parent=1122"}],"wp:term":[{"taxonomy":"category","embeddable":true,"href":"https:\/\/tiemponoticias.com.ar\/noticias\/wp-json\/wp\/v2\/categories?post=1122"},{"taxonomy":"post_tag","embeddable":true,"href":"https:\/\/tiemponoticias.com.ar\/noticias\/wp-json\/wp\/v2\/tags?post=1122"}],"curies":[{"name":"wp","href":"https:\/\/api.w.org\/{rel}","templated":true}]}}