{"id":10073,"date":"2026-09-03T12:17:24","date_gmt":"2026-09-03T15:17:24","guid":{"rendered":"https:\/\/tiemponoticias.com.ar\/noticias\/?p=10073"},"modified":"2026-09-03T12:17:24","modified_gmt":"2026-09-03T15:17:24","slug":"%f0%9f%94%b4-se-convoco-a-una-reunion-de-salud-mental-por-el-tema-de-las-adicciones-en-la-ciudad","status":"publish","type":"post","link":"https:\/\/tiemponoticias.com.ar\/noticias\/%f0%9f%94%b4-se-convoco-a-una-reunion-de-salud-mental-por-el-tema-de-las-adicciones-en-la-ciudad\/","title":{"rendered":"&#x1f534; \u201cSE CONVOC\u00d3 A UNA REUNI\u00d3N DE SALUD MENTAL POR EL TEMA DE LAS ADICCIONES EN LA CIUDAD\u201d"},"content":{"rendered":"<p>Dialogamos por #FmTiempo con la presidenta del Concejo Deliberante, Lorena Raggio, acerca de la reuni\u00f3n de salud mental que llevaron adelante en el Hospital Municipal por el tema de las adicciones y, puntualmente, la salud mental en la ciudad.<\/p>\n<p>\u201cSe convoc\u00f3 a una reuni\u00f3n de salud mental. Est\u00e1 conformada por diferentes actores de la sociedad, entre ellos autoridades del Ejecutivo, secretario de Salud, el intendente municipal, personal del CPA, representantes de los distintos bloques del Concejo\u201d.<\/p>\n<p>\u201cPor pedido de la Comisi\u00f3n de Salud se convoc\u00f3 a una reuni\u00f3n de salud mental por el tema de las adicciones en la ciudad y esa reuni\u00f3n se llev\u00f3 adelante en el Hospital Municipal. Faltaron la mitad de los actores y ya es la segunda vez que se convoca y pasa lo mismo\u201d.<\/p>\n<p>\u201cSe pudo conversar sobre la salud mental en Baradero, pero lamentablemente qued\u00f3 ah\u00ed porque faltaron la mitad de los representantes\u201d.<\/p>\n<p>\u201cEl 30% de las consultas en guardia del hospital son por temas de salud mental y hay muchos pacientes que requieren atenci\u00f3n de psicolog\u00eda y psiquiatr\u00eda\u201d.<\/p>\n<p>Tiemponoticias.com.ar<\/p>\n<p>Www.Tiemponoticias.com.ar<\/p>\n<p>Noticias Baradero<\/p>\n","protected":false},"excerpt":{"rendered":"<p>Dialogamos por #FmTiempo con la presidenta del Concejo Deliberante, Lorena Raggio, acerca de la reuni\u00f3n de salud mental que llevaron adelante en el Hospital Municipal por el tema de las adicciones y, puntualmente, la salud mental en la ciudad. \u201cSe convoc\u00f3 a una reuni\u00f3n de salud mental. Est\u00e1 conformada por diferentes actores de la sociedad, [&hellip;]<\/p>\n","protected":false},"author":4,"featured_media":10074,"comment_status":"open","ping_status":"open","sticky":false,"template":"","format":"standard","meta":{"footnotes":""},"categories":[174],"tags":[61],"class_list":["post-10073","post","type-post","status-publish","format-standard","has-post-thumbnail","hentry","category-local","tag-principal"],"amp_enabled":true,"_links":{"self":[{"href":"https:\/\/tiemponoticias.com.ar\/noticias\/wp-json\/wp\/v2\/posts\/10073","targetHints":{"allow":["GET"]}}],"collection":[{"href":"https:\/\/tiemponoticias.com.ar\/noticias\/wp-json\/wp\/v2\/posts"}],"about":[{"href":"https:\/\/tiemponoticias.com.ar\/noticias\/wp-json\/wp\/v2\/types\/post"}],"author":[{"embeddable":true,"href":"https:\/\/tiemponoticias.com.ar\/noticias\/wp-json\/wp\/v2\/users\/4"}],"replies":[{"embeddable":true,"href":"https:\/\/tiemponoticias.com.ar\/noticias\/wp-json\/wp\/v2\/comments?post=10073"}],"version-history":[{"count":1,"href":"https:\/\/tiemponoticias.com.ar\/noticias\/wp-json\/wp\/v2\/posts\/10073\/revisions"}],"predecessor-version":[{"id":10075,"href":"https:\/\/tiemponoticias.com.ar\/noticias\/wp-json\/wp\/v2\/posts\/10073\/revisions\/10075"}],"wp:featuredmedia":[{"embeddable":true,"href":"https:\/\/tiemponoticias.com.ar\/noticias\/wp-json\/wp\/v2\/media\/10074"}],"wp:attachment":[{"href":"https:\/\/tiemponoticias.com.ar\/noticias\/wp-json\/wp\/v2\/media?parent=10073"}],"wp:term":[{"taxonomy":"category","embeddable":true,"href":"https:\/\/tiemponoticias.com.ar\/noticias\/wp-json\/wp\/v2\/categories?post=10073"},{"taxonomy":"post_tag","embeddable":true,"href":"https:\/\/tiemponoticias.com.ar\/noticias\/wp-json\/wp\/v2\/tags?post=10073"}],"curies":[{"name":"wp","href":"https:\/\/api.w.org\/{rel}","templated":true}]}}