{"id":10064,"date":"2026-09-03T12:14:25","date_gmt":"2026-09-03T15:14:25","guid":{"rendered":"https:\/\/tiemponoticias.com.ar\/noticias\/?p=10064"},"modified":"2026-09-03T12:14:25","modified_gmt":"2026-09-03T15:14:25","slug":"%f0%9f%94%b4-la-maquinaria-habria-sido-utilizada-hasta-el-mismo-dia-de-la-subasta-hay-que-ver-que-responsabilidad-le-cabe-a-cada-uno-y-el-ejecutivo-tiene-que-dar-explicaciones","status":"publish","type":"post","link":"https:\/\/tiemponoticias.com.ar\/noticias\/%f0%9f%94%b4-la-maquinaria-habria-sido-utilizada-hasta-el-mismo-dia-de-la-subasta-hay-que-ver-que-responsabilidad-le-cabe-a-cada-uno-y-el-ejecutivo-tiene-que-dar-explicaciones\/","title":{"rendered":"&#x1f534; \u201cLA MAQUINARIA HABR\u00cdA SIDO UTILIZADA HASTA EL MISMO D\u00cdA DE LA SUBASTA, HAY QUE VER QU\u00c9 RESPONSABILIDAD LE CABE A CADA UNO Y EL EJECUTIVO TIENE QUE DAR EXPLICACIONES\u201d"},"content":{"rendered":"<p>Tuvimos la palabra por #FmTiempo de la presidenta del Concejo Deliberante, Lorena Raggio, quien habl\u00f3 sobre el pedido de informe que realizaron para que expliquen el motivo por el cual vender\u00edan una maquinaria que no estaba en el inventario inicial.<\/p>\n<p>\u201cLos empleados municipales se encontraron que hab\u00eda una maquinaria faltante y se vendi\u00f3 en forma equivocada\u201d.<\/p>\n<p>\u201cEl martillero admiti\u00f3 que se vendi\u00f3 una m\u00e1quina en lugar de otra. La m\u00e1quina no era la que estaba en el inventario que aprob\u00f3 el Concejo\u201d.<\/p>\n<p>\u201cPor eso, el bloque de 400 A\u00f1os present\u00f3 un pedido de informe para que se aclare por qu\u00e9 se vendi\u00f3 esa m\u00e1quina, qu\u00e9 pasa con los fondos y qu\u00e9 pasa con esa m\u00e1quina faltante\u201d.<\/p>\n<p>\u201cLa maquinaria habr\u00eda sido utilizada hasta el mismo d\u00eda de la subasta, qued\u00f3 en el predio y se vendi\u00f3 como si esa maquinaria hubiese estado para vender\u201d.<\/p>\n<p>\u201cHay que ver qu\u00e9 responsabilidad le cabe a cada uno. El Ejecutivo tiene que explicar eso\u201d.<\/p>\n<p>\u201cCualquiera, mirando la foto, se da cuenta qu\u00e9 m\u00e1quina se vende y cu\u00e1l no. Igualmente, es responsabilidad del Ejecutivo tener que explicar, porque esas maquinarias son patrimonio de todos los baraderenses\u201d.<\/p>\n<p>\u201cLos bienes se venden a precios bajos comparados con maquinarias que est\u00e1n en funcionamiento, como esta que se vendi\u00f3\u201d.<\/p>\n<p>\u201cPor eso nos parece importante que den explicaciones\u201d.<\/p>\n<p>Tiemponoticias.com.ar<\/p>\n<p>Www.Tiemponoticias.com.ar<\/p>\n<p>Noticias Baradero<\/p>\n","protected":false},"excerpt":{"rendered":"<p>Tuvimos la palabra por #FmTiempo de la presidenta del Concejo Deliberante, Lorena Raggio, quien habl\u00f3 sobre el pedido de informe que realizaron para que expliquen el motivo por el cual vender\u00edan una maquinaria que no estaba en el inventario inicial. \u201cLos empleados municipales se encontraron que hab\u00eda una maquinaria faltante y se vendi\u00f3 en forma [&hellip;]<\/p>\n","protected":false},"author":4,"featured_media":10065,"comment_status":"open","ping_status":"open","sticky":false,"template":"","format":"standard","meta":{"footnotes":""},"categories":[174],"tags":[61],"class_list":["post-10064","post","type-post","status-publish","format-standard","has-post-thumbnail","hentry","category-local","tag-principal"],"amp_enabled":true,"_links":{"self":[{"href":"https:\/\/tiemponoticias.com.ar\/noticias\/wp-json\/wp\/v2\/posts\/10064","targetHints":{"allow":["GET"]}}],"collection":[{"href":"https:\/\/tiemponoticias.com.ar\/noticias\/wp-json\/wp\/v2\/posts"}],"about":[{"href":"https:\/\/tiemponoticias.com.ar\/noticias\/wp-json\/wp\/v2\/types\/post"}],"author":[{"embeddable":true,"href":"https:\/\/tiemponoticias.com.ar\/noticias\/wp-json\/wp\/v2\/users\/4"}],"replies":[{"embeddable":true,"href":"https:\/\/tiemponoticias.com.ar\/noticias\/wp-json\/wp\/v2\/comments?post=10064"}],"version-history":[{"count":1,"href":"https:\/\/tiemponoticias.com.ar\/noticias\/wp-json\/wp\/v2\/posts\/10064\/revisions"}],"predecessor-version":[{"id":10066,"href":"https:\/\/tiemponoticias.com.ar\/noticias\/wp-json\/wp\/v2\/posts\/10064\/revisions\/10066"}],"wp:featuredmedia":[{"embeddable":true,"href":"https:\/\/tiemponoticias.com.ar\/noticias\/wp-json\/wp\/v2\/media\/10065"}],"wp:attachment":[{"href":"https:\/\/tiemponoticias.com.ar\/noticias\/wp-json\/wp\/v2\/media?parent=10064"}],"wp:term":[{"taxonomy":"category","embeddable":true,"href":"https:\/\/tiemponoticias.com.ar\/noticias\/wp-json\/wp\/v2\/categories?post=10064"},{"taxonomy":"post_tag","embeddable":true,"href":"https:\/\/tiemponoticias.com.ar\/noticias\/wp-json\/wp\/v2\/tags?post=10064"}],"curies":[{"name":"wp","href":"https:\/\/api.w.org\/{rel}","templated":true}]}}