{"id":10061,"date":"2026-09-03T12:13:36","date_gmt":"2026-09-03T15:13:36","guid":{"rendered":"https:\/\/tiemponoticias.com.ar\/noticias\/?p=10061"},"modified":"2026-09-03T12:13:36","modified_gmt":"2026-09-03T15:13:36","slug":"%f0%9f%94%b4-como-dijo-el-intendente-entre-salvar-una-vida-o-no-tener-autorizacion-del-concejo-bueno-veremos-como-nos-arreglamos-con-el-concejo","status":"publish","type":"post","link":"https:\/\/tiemponoticias.com.ar\/noticias\/%f0%9f%94%b4-como-dijo-el-intendente-entre-salvar-una-vida-o-no-tener-autorizacion-del-concejo-bueno-veremos-como-nos-arreglamos-con-el-concejo\/","title":{"rendered":"&#x1f534; \u201cCOMO DIJO EL INTENDENTE: ENTRE SALVAR UNA VIDA O NO TENER AUTORIZACI\u00d3N DEL CONCEJO, BUENO, VEREMOS C\u00d3MO NOS ARREGLAMOS CON EL CONCEJO\u201d"},"content":{"rendered":"<p>Hablamos por #FmTiempo con el concejal de Fuerza Patria, Nicol\u00e1s Moreira, con respecto a que el decreto para declarar la emergencia h\u00eddrica no fue tratado en la sesi\u00f3n de ayer y volvi\u00f3 a comisi\u00f3n.<\/p>\n<p>\u201cSe mand\u00f3 a la Comisi\u00f3n de Legislaci\u00f3n, nos tenemos que poner a trabajar y no dilatar, sobre todo la oposici\u00f3n, esta situaci\u00f3n\u201d.<\/p>\n<p>\u201cEstamos convencidos de este proyecto; como dijo el intendente, entre salvar una vida o no tener la autorizaci\u00f3n del Concejo, bueno, despu\u00e9s veremos c\u00f3mo nos arreglamos con el Concejo\u201d.<\/p>\n<p>\u201cHay que estar a la altura de la situaci\u00f3n con este fen\u00f3meno. Tenemos que trabajar, que el Concejo aporte ideas, pueda agarrar y aportar distintas cuestiones respetando el esp\u00edritu del Concejo\u201d.<\/p>\n<p>\u201cEn este tema la pol\u00edtica partidaria tiene que quedar a un lado\u201d.<\/p>\n<p>Tiemponoticias.com.ar<\/p>\n<p>Www.Tiemponoticias.com.ar<\/p>\n<p>Noticias Baradero<\/p>\n","protected":false},"excerpt":{"rendered":"<p>Hablamos por #FmTiempo con el concejal de Fuerza Patria, Nicol\u00e1s Moreira, con respecto a que el decreto para declarar la emergencia h\u00eddrica no fue tratado en la sesi\u00f3n de ayer y volvi\u00f3 a comisi\u00f3n. \u201cSe mand\u00f3 a la Comisi\u00f3n de Legislaci\u00f3n, nos tenemos que poner a trabajar y no dilatar, sobre todo la oposici\u00f3n, esta [&hellip;]<\/p>\n","protected":false},"author":4,"featured_media":10062,"comment_status":"open","ping_status":"open","sticky":false,"template":"","format":"standard","meta":{"footnotes":""},"categories":[174,6],"tags":[61],"class_list":["post-10061","post","type-post","status-publish","format-standard","has-post-thumbnail","hentry","category-local","category-politica","tag-principal"],"amp_enabled":true,"_links":{"self":[{"href":"https:\/\/tiemponoticias.com.ar\/noticias\/wp-json\/wp\/v2\/posts\/10061","targetHints":{"allow":["GET"]}}],"collection":[{"href":"https:\/\/tiemponoticias.com.ar\/noticias\/wp-json\/wp\/v2\/posts"}],"about":[{"href":"https:\/\/tiemponoticias.com.ar\/noticias\/wp-json\/wp\/v2\/types\/post"}],"author":[{"embeddable":true,"href":"https:\/\/tiemponoticias.com.ar\/noticias\/wp-json\/wp\/v2\/users\/4"}],"replies":[{"embeddable":true,"href":"https:\/\/tiemponoticias.com.ar\/noticias\/wp-json\/wp\/v2\/comments?post=10061"}],"version-history":[{"count":1,"href":"https:\/\/tiemponoticias.com.ar\/noticias\/wp-json\/wp\/v2\/posts\/10061\/revisions"}],"predecessor-version":[{"id":10063,"href":"https:\/\/tiemponoticias.com.ar\/noticias\/wp-json\/wp\/v2\/posts\/10061\/revisions\/10063"}],"wp:featuredmedia":[{"embeddable":true,"href":"https:\/\/tiemponoticias.com.ar\/noticias\/wp-json\/wp\/v2\/media\/10062"}],"wp:attachment":[{"href":"https:\/\/tiemponoticias.com.ar\/noticias\/wp-json\/wp\/v2\/media?parent=10061"}],"wp:term":[{"taxonomy":"category","embeddable":true,"href":"https:\/\/tiemponoticias.com.ar\/noticias\/wp-json\/wp\/v2\/categories?post=10061"},{"taxonomy":"post_tag","embeddable":true,"href":"https:\/\/tiemponoticias.com.ar\/noticias\/wp-json\/wp\/v2\/tags?post=10061"}],"curies":[{"name":"wp","href":"https:\/\/api.w.org\/{rel}","templated":true}]}}