{"id":10055,"date":"2026-09-03T12:11:50","date_gmt":"2026-09-03T15:11:50","guid":{"rendered":"https:\/\/tiemponoticias.com.ar\/noticias\/?p=10055"},"modified":"2026-09-03T12:11:50","modified_gmt":"2026-09-03T15:11:50","slug":"%f0%9f%94%b4-el-servicio-va-a-salir-dentro-de-este-mes-con-total-seguridad","status":"publish","type":"post","link":"https:\/\/tiemponoticias.com.ar\/noticias\/%f0%9f%94%b4-el-servicio-va-a-salir-dentro-de-este-mes-con-total-seguridad\/","title":{"rendered":"&#x1f534; \u201cEL SERVICIO VA A SALIR DENTRO DE ESTE MES CON TOTAL SEGURIDAD\u201d"},"content":{"rendered":"<p>En el d\u00eda de ayer nuestro medio recibi\u00f3 muchas consultas con respecto a cu\u00e1ndo comenzaba el funcionamiento de la l\u00ednea 228 que conectaba Z\u00e1rate a San Nicol\u00e1s y pasaba por Baradero; es por eso que #FmTiempo dialog\u00f3 con el gerente de V\u00eda Rosario, Norberto Fenoglio, quien asegur\u00f3 que el servicio comenzar\u00e1 este mes, pero est\u00e1n terminando de ultimar detalles.<\/p>\n<p>\u201cEstamos poniendo todo a punto en lo operativo para que el servicio pueda salir\u201d.<\/p>\n<p>\u201cEs todo un sistema: no solo el \u00f3mnibus que entra a las ciudades, sino el expendio de boletos y dem\u00e1s\u201d.<\/p>\n<p>\u201cDe parte nuestra quisi\u00e9ramos que sea lo m\u00e1s pronto posible, pero necesitamos que est\u00e9n corroborados cada uno de los puntos\u201d.<\/p>\n<p>\u201cYo entiendo la ansiedad de largarlo lo antes posible\u201d.<\/p>\n<p>\u201cNuestro objetivo eran los primeros d\u00edas de septiembre, bueno, ahora lo vamos a tener que correr unos d\u00edas m\u00e1s\u201d.<\/p>\n<p>\u201cEl servicio va a salir dentro de este mes con total seguridad, quiz\u00e1s a partir del 10\u201d.<\/p>\n<p>Tiemponoticias.com.ar<\/p>\n<p>Www.Tiemponoticias.com.ar<\/p>\n<p>Noticias Baradero<\/p>\n","protected":false},"excerpt":{"rendered":"<p>En el d\u00eda de ayer nuestro medio recibi\u00f3 muchas consultas con respecto a cu\u00e1ndo comenzaba el funcionamiento de la l\u00ednea 228 que conectaba Z\u00e1rate a San Nicol\u00e1s y pasaba por Baradero; es por eso que #FmTiempo dialog\u00f3 con el gerente de V\u00eda Rosario, Norberto Fenoglio, quien asegur\u00f3 que el servicio comenzar\u00e1 este mes, pero est\u00e1n [&hellip;]<\/p>\n","protected":false},"author":4,"featured_media":10056,"comment_status":"open","ping_status":"open","sticky":false,"template":"","format":"standard","meta":{"footnotes":""},"categories":[174],"tags":[61],"class_list":["post-10055","post","type-post","status-publish","format-standard","has-post-thumbnail","hentry","category-local","tag-principal"],"amp_enabled":true,"_links":{"self":[{"href":"https:\/\/tiemponoticias.com.ar\/noticias\/wp-json\/wp\/v2\/posts\/10055","targetHints":{"allow":["GET"]}}],"collection":[{"href":"https:\/\/tiemponoticias.com.ar\/noticias\/wp-json\/wp\/v2\/posts"}],"about":[{"href":"https:\/\/tiemponoticias.com.ar\/noticias\/wp-json\/wp\/v2\/types\/post"}],"author":[{"embeddable":true,"href":"https:\/\/tiemponoticias.com.ar\/noticias\/wp-json\/wp\/v2\/users\/4"}],"replies":[{"embeddable":true,"href":"https:\/\/tiemponoticias.com.ar\/noticias\/wp-json\/wp\/v2\/comments?post=10055"}],"version-history":[{"count":1,"href":"https:\/\/tiemponoticias.com.ar\/noticias\/wp-json\/wp\/v2\/posts\/10055\/revisions"}],"predecessor-version":[{"id":10057,"href":"https:\/\/tiemponoticias.com.ar\/noticias\/wp-json\/wp\/v2\/posts\/10055\/revisions\/10057"}],"wp:featuredmedia":[{"embeddable":true,"href":"https:\/\/tiemponoticias.com.ar\/noticias\/wp-json\/wp\/v2\/media\/10056"}],"wp:attachment":[{"href":"https:\/\/tiemponoticias.com.ar\/noticias\/wp-json\/wp\/v2\/media?parent=10055"}],"wp:term":[{"taxonomy":"category","embeddable":true,"href":"https:\/\/tiemponoticias.com.ar\/noticias\/wp-json\/wp\/v2\/categories?post=10055"},{"taxonomy":"post_tag","embeddable":true,"href":"https:\/\/tiemponoticias.com.ar\/noticias\/wp-json\/wp\/v2\/tags?post=10055"}],"curies":[{"name":"wp","href":"https:\/\/api.w.org\/{rel}","templated":true}]}}