{"id":10051,"date":"2026-09-01T12:30:00","date_gmt":"2026-09-01T15:30:00","guid":{"rendered":"https:\/\/tiemponoticias.com.ar\/noticias\/?p=10051"},"modified":"2026-09-01T12:30:00","modified_gmt":"2026-09-01T15:30:00","slug":"%f0%9f%94%b4-se-nos-tapan-las-cloacas-porque-hay-una-rotura-donde-esta-el-cordon-cuneta","status":"publish","type":"post","link":"https:\/\/tiemponoticias.com.ar\/noticias\/%f0%9f%94%b4-se-nos-tapan-las-cloacas-porque-hay-una-rotura-donde-esta-el-cordon-cuneta\/","title":{"rendered":"&#x1f534; \u201cSE NOS TAPAN LAS CLOACAS PORQUE HAY UNA ROTURA DONDE EST\u00c1 EL CORD\u00d3N CUNETA\u201d"},"content":{"rendered":"<p>Viviana Leopardo, vecina del barrio Luz y Fuerza, realiz\u00f3 por #FmTiempo un reclamo por las cloacas que se tapan debido a una rotura donde termina el cord\u00f3n y empieza la calle.<\/p>\n<p>\u201cEs el barrio Luz y Fuerza y, hace un tiempo, hicieron un cord\u00f3n cuneta. Parece que han roto algo donde termina el cord\u00f3n y empieza la calle\u201d.<\/p>\n<p>\u201cUn ca\u00f1o qued\u00f3 chato, aplastado. Era una empresa privada. Desde ah\u00ed se empezaron a tapar las cloacas\u201d.<\/p>\n<p>\u201cDesde la Municipalidad dijeron que no ten\u00edan nada que ver porque era una empresa privada y no sab\u00edan cu\u00e1l era\u201d.<\/p>\n<p>\u201cSi la Municipalidad no puede solucionar el tema de la calle, que tengan la consideraci\u00f3n de que si se nos tapa, que nos vengan a destapar gratis\u201d.<\/p>\n<p>\u201cMi yerno lo ha hecho dos veces ya, pero es inhumano. No puede tener que meter el brazo bajo dos metros\u201d.<\/p>\n<p>\u201cNosotros, una vez por mes o cada dos meses, se nos empieza a tapar y desde la Municipalidad nos dicen que no les corresponde destapar\u201d.<\/p>\n<p>Tiemponoticias.com.ar<\/p>\n<p>Www.Tiemponoticias.com.ar<\/p>\n<p>Noticias Baradero<\/p>\n","protected":false},"excerpt":{"rendered":"<p>Viviana Leopardo, vecina del barrio Luz y Fuerza, realiz\u00f3 por #FmTiempo un reclamo por las cloacas que se tapan debido a una rotura donde termina el cord\u00f3n y empieza la calle. \u201cEs el barrio Luz y Fuerza y, hace un tiempo, hicieron un cord\u00f3n cuneta. Parece que han roto algo donde termina el cord\u00f3n y [&hellip;]<\/p>\n","protected":false},"author":4,"featured_media":10052,"comment_status":"open","ping_status":"open","sticky":false,"template":"","format":"standard","meta":{"footnotes":""},"categories":[174],"tags":[61],"class_list":["post-10051","post","type-post","status-publish","format-standard","has-post-thumbnail","hentry","category-local","tag-principal"],"amp_enabled":true,"_links":{"self":[{"href":"https:\/\/tiemponoticias.com.ar\/noticias\/wp-json\/wp\/v2\/posts\/10051","targetHints":{"allow":["GET"]}}],"collection":[{"href":"https:\/\/tiemponoticias.com.ar\/noticias\/wp-json\/wp\/v2\/posts"}],"about":[{"href":"https:\/\/tiemponoticias.com.ar\/noticias\/wp-json\/wp\/v2\/types\/post"}],"author":[{"embeddable":true,"href":"https:\/\/tiemponoticias.com.ar\/noticias\/wp-json\/wp\/v2\/users\/4"}],"replies":[{"embeddable":true,"href":"https:\/\/tiemponoticias.com.ar\/noticias\/wp-json\/wp\/v2\/comments?post=10051"}],"version-history":[{"count":1,"href":"https:\/\/tiemponoticias.com.ar\/noticias\/wp-json\/wp\/v2\/posts\/10051\/revisions"}],"predecessor-version":[{"id":10053,"href":"https:\/\/tiemponoticias.com.ar\/noticias\/wp-json\/wp\/v2\/posts\/10051\/revisions\/10053"}],"wp:featuredmedia":[{"embeddable":true,"href":"https:\/\/tiemponoticias.com.ar\/noticias\/wp-json\/wp\/v2\/media\/10052"}],"wp:attachment":[{"href":"https:\/\/tiemponoticias.com.ar\/noticias\/wp-json\/wp\/v2\/media?parent=10051"}],"wp:term":[{"taxonomy":"category","embeddable":true,"href":"https:\/\/tiemponoticias.com.ar\/noticias\/wp-json\/wp\/v2\/categories?post=10051"},{"taxonomy":"post_tag","embeddable":true,"href":"https:\/\/tiemponoticias.com.ar\/noticias\/wp-json\/wp\/v2\/tags?post=10051"}],"curies":[{"name":"wp","href":"https:\/\/api.w.org\/{rel}","templated":true}]}}