{"id":10048,"date":"2026-09-01T12:28:58","date_gmt":"2026-09-01T15:28:58","guid":{"rendered":"https:\/\/tiemponoticias.com.ar\/noticias\/?p=10048"},"modified":"2026-09-01T12:28:58","modified_gmt":"2026-09-01T15:28:58","slug":"%f0%9f%94%b4-el-municipio-festeja-el-dia-del-nino-este-domingo-el-festejo-sera-en-la-plaza-colon-a-partir-de-las-14-hs","status":"publish","type":"post","link":"https:\/\/tiemponoticias.com.ar\/noticias\/%f0%9f%94%b4-el-municipio-festeja-el-dia-del-nino-este-domingo-el-festejo-sera-en-la-plaza-colon-a-partir-de-las-14-hs\/","title":{"rendered":"&#x1f534; EL MUNICIPIO FESTEJA EL D\u00cdA DEL NI\u00d1O ESTE DOMINGO: \u201cEL FESTEJO SER\u00c1 EN LA PLAZA COL\u00d3N A PARTIR DE LAS 14 HS\u201d"},"content":{"rendered":"<p>En comunicaci\u00f3n por #FmTiempo, el director de Deportes, Lucas Maldonado, mencion\u00f3 que este domingo 6 de septiembre el Municipio festejar\u00e1 el D\u00eda de las Infancias en la Plaza Col\u00f3n.<\/p>\n<p>\u201cEl domingo 6 se va a realizar el festejo por el D\u00eda de las Infancias en la Plaza Col\u00f3n, a partir de las 14 hs\u201d.<\/p>\n<p>\u201cVamos a tener juegos inflables, va a venir lo que es Cultura Rodante de la Provincia, va a venir Stunt Bike tambi\u00e9n\u201d.<\/p>\n<p>\u201cElegimos esta fecha porque no quer\u00edamos superponer nuestra fiesta con los festejos que se fueron desarrollando durante agosto\u201d.<\/p>\n<p>\u201cVan a estar tambi\u00e9n las actividades recreativas y algunos juegos. Va a haber sorteos tambi\u00e9n\u201d.<\/p>\n<p>\u201cAs\u00ed que invitamos a todas las familias a que se acerquen\u201d.<\/p>\n<p>\u201cTambi\u00e9n vamos a estar en las localidades. En el mes de septiembre vamos a estar acerc\u00e1ndonos a celebrar\u201d.<\/p>\n<p>Tiemponoticias.com.ar<\/p>\n<p>Www.Tiemponoticias.com.ar<\/p>\n<p>Noticias Baradero<\/p>\n","protected":false},"excerpt":{"rendered":"<p>En comunicaci\u00f3n por #FmTiempo, el director de Deportes, Lucas Maldonado, mencion\u00f3 que este domingo 6 de septiembre el Municipio festejar\u00e1 el D\u00eda de las Infancias en la Plaza Col\u00f3n. \u201cEl domingo 6 se va a realizar el festejo por el D\u00eda de las Infancias en la Plaza Col\u00f3n, a partir de las 14 hs\u201d. \u201cVamos [&hellip;]<\/p>\n","protected":false},"author":4,"featured_media":10049,"comment_status":"open","ping_status":"open","sticky":false,"template":"","format":"standard","meta":{"footnotes":""},"categories":[174],"tags":[61],"class_list":["post-10048","post","type-post","status-publish","format-standard","has-post-thumbnail","hentry","category-local","tag-principal"],"amp_enabled":true,"_links":{"self":[{"href":"https:\/\/tiemponoticias.com.ar\/noticias\/wp-json\/wp\/v2\/posts\/10048","targetHints":{"allow":["GET"]}}],"collection":[{"href":"https:\/\/tiemponoticias.com.ar\/noticias\/wp-json\/wp\/v2\/posts"}],"about":[{"href":"https:\/\/tiemponoticias.com.ar\/noticias\/wp-json\/wp\/v2\/types\/post"}],"author":[{"embeddable":true,"href":"https:\/\/tiemponoticias.com.ar\/noticias\/wp-json\/wp\/v2\/users\/4"}],"replies":[{"embeddable":true,"href":"https:\/\/tiemponoticias.com.ar\/noticias\/wp-json\/wp\/v2\/comments?post=10048"}],"version-history":[{"count":1,"href":"https:\/\/tiemponoticias.com.ar\/noticias\/wp-json\/wp\/v2\/posts\/10048\/revisions"}],"predecessor-version":[{"id":10050,"href":"https:\/\/tiemponoticias.com.ar\/noticias\/wp-json\/wp\/v2\/posts\/10048\/revisions\/10050"}],"wp:featuredmedia":[{"embeddable":true,"href":"https:\/\/tiemponoticias.com.ar\/noticias\/wp-json\/wp\/v2\/media\/10049"}],"wp:attachment":[{"href":"https:\/\/tiemponoticias.com.ar\/noticias\/wp-json\/wp\/v2\/media?parent=10048"}],"wp:term":[{"taxonomy":"category","embeddable":true,"href":"https:\/\/tiemponoticias.com.ar\/noticias\/wp-json\/wp\/v2\/categories?post=10048"},{"taxonomy":"post_tag","embeddable":true,"href":"https:\/\/tiemponoticias.com.ar\/noticias\/wp-json\/wp\/v2\/tags?post=10048"}],"curies":[{"name":"wp","href":"https:\/\/api.w.org\/{rel}","templated":true}]}}