{"id":10045,"date":"2026-09-01T12:27:55","date_gmt":"2026-09-01T15:27:55","guid":{"rendered":"https:\/\/tiemponoticias.com.ar\/noticias\/?p=10045"},"modified":"2026-09-01T12:27:55","modified_gmt":"2026-09-01T15:27:55","slug":"%f0%9f%94%b4-mi-padrastro-tuvo-un-accidente-laboral-grave-tiene-comprometida-su-pierna-y-fue-trasladado-a-buenos-aires","status":"publish","type":"post","link":"https:\/\/tiemponoticias.com.ar\/noticias\/%f0%9f%94%b4-mi-padrastro-tuvo-un-accidente-laboral-grave-tiene-comprometida-su-pierna-y-fue-trasladado-a-buenos-aires\/","title":{"rendered":"&#x1f534; \u201cMI PADRASTRO TUVO UN ACCIDENTE LABORAL GRAVE, TIENE COMPROMETIDA SU PIERNA Y FUE TRASLADADO A BUENOS AIRES\u201d"},"content":{"rendered":"<p>Tuvimos la palabra por #FmTiempo con Ana Paula Montenegro, hijastra del hombre que sufri\u00f3 el accidente, quien coment\u00f3 que est\u00e1n recaudando dinero para que su mam\u00e1 pueda estar junto a \u00e9l en Buenos Aires mientras siga internado.<\/p>\n<p>\u201cEl s\u00e1bado al mediod\u00eda mi padrastro tuvo un accidente laboral con una m\u00e1quina donde le apret\u00f3 la pierna\u201d.<\/p>\n<p>\u201cPor fuera no se ve\u00eda nada, pero se le complic\u00f3 mucho por dentro. Respondi\u00f3 la ART, pero se demoraron much\u00edsimo\u201d.<\/p>\n<p>\u201cEl accidente fue al mediod\u00eda y el traslado se lo habilitaron reci\u00e9n a las 19. Lo llevan y ac\u00e1, en Villa Crespo, que es donde est\u00e1, se fue complicando\u201d.<\/p>\n<p>\u201cEntr\u00f3 varias veces al quir\u00f3fano, perdi\u00f3 mucha sangre, le sacaron parte del m\u00fasculo. A mi mam\u00e1 ya le dijeron que no va a ser cuesti\u00f3n de una semana, que va a tener que estar ac\u00e1 bastante\u201d.<\/p>\n<p>\u201cTodav\u00eda no tenemos un lugar donde mi mam\u00e1 se pueda quedar. Estoy pidiendo poder solventar los gastos de la estad\u00eda\u201d.<\/p>\n<p>&#x1f4b3; Para colaborar:<br \/>\nAlias: Nito.isarrualde, la cuenta a esta a nombre de Ana Paula Montenegro.<\/p>\n<p>&#x1fa78; Tambi\u00e9n necesitan dadores de sangre de cualquier tipo, de 18 a 65 a\u00f1os.<\/p>\n<p>&#x1f4cd; Cl\u00ednica Fritz Roy \u2013 Villa Crespo, Buenos Aires.<\/p>\n<p>Tiemponoticias.com.ar<\/p>\n<p>Www.Tiemponoticias.com.ar<\/p>\n<p>Noticias Baradero<\/p>\n","protected":false},"excerpt":{"rendered":"<p>Tuvimos la palabra por #FmTiempo con Ana Paula Montenegro, hijastra del hombre que sufri\u00f3 el accidente, quien coment\u00f3 que est\u00e1n recaudando dinero para que su mam\u00e1 pueda estar junto a \u00e9l en Buenos Aires mientras siga internado. \u201cEl s\u00e1bado al mediod\u00eda mi padrastro tuvo un accidente laboral con una m\u00e1quina donde le apret\u00f3 la pierna\u201d. [&hellip;]<\/p>\n","protected":false},"author":4,"featured_media":10046,"comment_status":"open","ping_status":"open","sticky":false,"template":"","format":"standard","meta":{"footnotes":""},"categories":[174],"tags":[61],"class_list":["post-10045","post","type-post","status-publish","format-standard","has-post-thumbnail","hentry","category-local","tag-principal"],"amp_enabled":true,"_links":{"self":[{"href":"https:\/\/tiemponoticias.com.ar\/noticias\/wp-json\/wp\/v2\/posts\/10045","targetHints":{"allow":["GET"]}}],"collection":[{"href":"https:\/\/tiemponoticias.com.ar\/noticias\/wp-json\/wp\/v2\/posts"}],"about":[{"href":"https:\/\/tiemponoticias.com.ar\/noticias\/wp-json\/wp\/v2\/types\/post"}],"author":[{"embeddable":true,"href":"https:\/\/tiemponoticias.com.ar\/noticias\/wp-json\/wp\/v2\/users\/4"}],"replies":[{"embeddable":true,"href":"https:\/\/tiemponoticias.com.ar\/noticias\/wp-json\/wp\/v2\/comments?post=10045"}],"version-history":[{"count":1,"href":"https:\/\/tiemponoticias.com.ar\/noticias\/wp-json\/wp\/v2\/posts\/10045\/revisions"}],"predecessor-version":[{"id":10047,"href":"https:\/\/tiemponoticias.com.ar\/noticias\/wp-json\/wp\/v2\/posts\/10045\/revisions\/10047"}],"wp:featuredmedia":[{"embeddable":true,"href":"https:\/\/tiemponoticias.com.ar\/noticias\/wp-json\/wp\/v2\/media\/10046"}],"wp:attachment":[{"href":"https:\/\/tiemponoticias.com.ar\/noticias\/wp-json\/wp\/v2\/media?parent=10045"}],"wp:term":[{"taxonomy":"category","embeddable":true,"href":"https:\/\/tiemponoticias.com.ar\/noticias\/wp-json\/wp\/v2\/categories?post=10045"},{"taxonomy":"post_tag","embeddable":true,"href":"https:\/\/tiemponoticias.com.ar\/noticias\/wp-json\/wp\/v2\/tags?post=10045"}],"curies":[{"name":"wp","href":"https:\/\/api.w.org\/{rel}","templated":true}]}}