{"id":10039,"date":"2026-08-31T12:54:43","date_gmt":"2026-08-31T15:54:43","guid":{"rendered":"https:\/\/tiemponoticias.com.ar\/noticias\/?p=10039"},"modified":"2026-08-31T12:54:43","modified_gmt":"2026-08-31T15:54:43","slug":"%f0%9f%94%b4-la-inhabilitacion-vino-segun-nos-dijeron-porque-no-presentamos-las-cosas-que-teniamos-que-presentar","status":"publish","type":"post","link":"https:\/\/tiemponoticias.com.ar\/noticias\/%f0%9f%94%b4-la-inhabilitacion-vino-segun-nos-dijeron-porque-no-presentamos-las-cosas-que-teniamos-que-presentar\/","title":{"rendered":"&#x1f534; \u201cLA INHABILITACI\u00d3N VINO, SEG\u00daN NOS DIJERON, PORQUE NO PRESENTAMOS LAS COSAS QUE TEN\u00cdAMOS QUE PRESENTAR\u201d"},"content":{"rendered":"<p>Sandra Perezlindo, presidenta del Consejo de Administraci\u00f3n del CEPT 17, explic\u00f3 cu\u00e1l fue el argumento que les dieron desde Inspecci\u00f3n para inhabilitarlos.<\/p>\n<p>\u201cSupuestamente nos dijeron que no hubo ning\u00fan tipo de denuncia, sino que fue una orden de la Direcci\u00f3n General de Escuelas\u201d.<\/p>\n<p>\u201cNos dijeron que es porque no presentamos las cosas que ten\u00edamos que presentar y le dijimos que nosotros tenemos que presentar todo en Personer\u00eda Jur\u00eddica, no a ellos\u201d.<\/p>\n<p>\u201cDirectamente nos inhabilitaron; no quieren que sigamos moviendo las cuentas bancarias porque dicen que no tenemos la personer\u00eda jur\u00eddica y le demostr\u00e9 que eso est\u00e1 en tr\u00e1mite\u201d.<\/p>\n<p>\u201cLa personer\u00eda jur\u00eddica la tenemos desde 2003, pero no sab\u00edamos d\u00f3nde presentar esos papeles. Nosotros tenemos los balances desde 2024. Esto es una asociaci\u00f3n civil, ahora este a\u00f1o se hace el del 2025\u201d.<\/p>\n<p>\u201cNo me quieren tomar como v\u00e1lidos estos papeles, que hace un a\u00f1o que estamos presentando\u201d.<\/p>\n<p>Tiemponoticias.com.ar<\/p>\n<p>Www.Tiemponoticias.com.ar<\/p>\n<p>Noticias Baradero<\/p>\n","protected":false},"excerpt":{"rendered":"<p>Sandra Perezlindo, presidenta del Consejo de Administraci\u00f3n del CEPT 17, explic\u00f3 cu\u00e1l fue el argumento que les dieron desde Inspecci\u00f3n para inhabilitarlos. \u201cSupuestamente nos dijeron que no hubo ning\u00fan tipo de denuncia, sino que fue una orden de la Direcci\u00f3n General de Escuelas\u201d. \u201cNos dijeron que es porque no presentamos las cosas que ten\u00edamos que [&hellip;]<\/p>\n","protected":false},"author":4,"featured_media":10040,"comment_status":"open","ping_status":"open","sticky":false,"template":"","format":"standard","meta":{"footnotes":""},"categories":[174],"tags":[61],"class_list":["post-10039","post","type-post","status-publish","format-standard","has-post-thumbnail","hentry","category-local","tag-principal"],"amp_enabled":true,"_links":{"self":[{"href":"https:\/\/tiemponoticias.com.ar\/noticias\/wp-json\/wp\/v2\/posts\/10039","targetHints":{"allow":["GET"]}}],"collection":[{"href":"https:\/\/tiemponoticias.com.ar\/noticias\/wp-json\/wp\/v2\/posts"}],"about":[{"href":"https:\/\/tiemponoticias.com.ar\/noticias\/wp-json\/wp\/v2\/types\/post"}],"author":[{"embeddable":true,"href":"https:\/\/tiemponoticias.com.ar\/noticias\/wp-json\/wp\/v2\/users\/4"}],"replies":[{"embeddable":true,"href":"https:\/\/tiemponoticias.com.ar\/noticias\/wp-json\/wp\/v2\/comments?post=10039"}],"version-history":[{"count":1,"href":"https:\/\/tiemponoticias.com.ar\/noticias\/wp-json\/wp\/v2\/posts\/10039\/revisions"}],"predecessor-version":[{"id":10041,"href":"https:\/\/tiemponoticias.com.ar\/noticias\/wp-json\/wp\/v2\/posts\/10039\/revisions\/10041"}],"wp:featuredmedia":[{"embeddable":true,"href":"https:\/\/tiemponoticias.com.ar\/noticias\/wp-json\/wp\/v2\/media\/10040"}],"wp:attachment":[{"href":"https:\/\/tiemponoticias.com.ar\/noticias\/wp-json\/wp\/v2\/media?parent=10039"}],"wp:term":[{"taxonomy":"category","embeddable":true,"href":"https:\/\/tiemponoticias.com.ar\/noticias\/wp-json\/wp\/v2\/categories?post=10039"},{"taxonomy":"post_tag","embeddable":true,"href":"https:\/\/tiemponoticias.com.ar\/noticias\/wp-json\/wp\/v2\/tags?post=10039"}],"curies":[{"name":"wp","href":"https:\/\/api.w.org\/{rel}","templated":true}]}}