{"id":10027,"date":"2026-08-31T12:50:16","date_gmt":"2026-08-31T15:50:16","guid":{"rendered":"https:\/\/tiemponoticias.com.ar\/noticias\/?p=10027"},"modified":"2026-08-31T12:50:16","modified_gmt":"2026-08-31T15:50:16","slug":"%f0%9f%94%b4-el-secretario-de-ate-respondio-a-las-acusaciones-por-el-uso-del-auto-del-gremio-es-una-estupidez-dar-explicaciones-sobre-esto","status":"publish","type":"post","link":"https:\/\/tiemponoticias.com.ar\/noticias\/%f0%9f%94%b4-el-secretario-de-ate-respondio-a-las-acusaciones-por-el-uso-del-auto-del-gremio-es-una-estupidez-dar-explicaciones-sobre-esto\/","title":{"rendered":"&#x1f534; EL SECRETARIO DE ATE RESPONDI\u00d3 A LAS ACUSACIONES POR EL USO DEL AUTO DEL GREMIO: \u201cES UNA ESTUPIDEZ DAR EXPLICACIONES SOBRE ESTO\u201d"},"content":{"rendered":"<p>Hablamos por #FmTiempo con el secretario general de ATE, Carlos Morel, sobre una publicaci\u00f3n que realizaron donde lo acusan de usar el auto del gremio para pasear.<\/p>\n<p>\u201cYo tengo que estar dando explicaciones de que el auto es de ATE Naci\u00f3n y el secretario lo tiene a cargo\u201d.<\/p>\n<p>\u201c\u00bfCu\u00e1l es el problema? De un Facebook trucho viene. El auto est\u00e1 permanentemente trabajando, est\u00e1 a disposici\u00f3n de los afiliados, lo usan todos los afiliados que lo necesiten\u201d.<\/p>\n<p>\u201cY es una estupidez esto, es una estupidez dar explicaciones sobre esto\u201d.<\/p>\n<p>\u201cComo estamos trabajando y creciendo para los compa\u00f1eros, molestamos y por eso inventan esto. Ahora, el fin de semana que viene voy a andar en la moto para aquellos que les molesta, as\u00ed les doy el gustito\u201d.<\/p>\n<p>\u201cEl auto es patrimonio de ATE Naci\u00f3n y el secretario tiene la responsabilidad del auto. Da bronca tener que dar explicaciones porque un d\u00eda lindo uno quiere dar una vuelta\u201d.<\/p>\n<p>\u201cNo tengo nada que ocultar, damos la cara a los compa\u00f1eros. Esto es maldad de otra gente que le sobra tiempo\u201d.<\/p>\n<p>Tiemponoticias.com.ar<\/p>\n<p>Www.Tiemponoticias.com.ar<\/p>\n<p>Noticias Baradero<\/p>\n","protected":false},"excerpt":{"rendered":"<p>Hablamos por #FmTiempo con el secretario general de ATE, Carlos Morel, sobre una publicaci\u00f3n que realizaron donde lo acusan de usar el auto del gremio para pasear. \u201cYo tengo que estar dando explicaciones de que el auto es de ATE Naci\u00f3n y el secretario lo tiene a cargo\u201d. \u201c\u00bfCu\u00e1l es el problema? De un Facebook [&hellip;]<\/p>\n","protected":false},"author":4,"featured_media":10028,"comment_status":"open","ping_status":"open","sticky":false,"template":"","format":"standard","meta":{"footnotes":""},"categories":[174],"tags":[61],"class_list":["post-10027","post","type-post","status-publish","format-standard","has-post-thumbnail","hentry","category-local","tag-principal"],"amp_enabled":true,"_links":{"self":[{"href":"https:\/\/tiemponoticias.com.ar\/noticias\/wp-json\/wp\/v2\/posts\/10027","targetHints":{"allow":["GET"]}}],"collection":[{"href":"https:\/\/tiemponoticias.com.ar\/noticias\/wp-json\/wp\/v2\/posts"}],"about":[{"href":"https:\/\/tiemponoticias.com.ar\/noticias\/wp-json\/wp\/v2\/types\/post"}],"author":[{"embeddable":true,"href":"https:\/\/tiemponoticias.com.ar\/noticias\/wp-json\/wp\/v2\/users\/4"}],"replies":[{"embeddable":true,"href":"https:\/\/tiemponoticias.com.ar\/noticias\/wp-json\/wp\/v2\/comments?post=10027"}],"version-history":[{"count":1,"href":"https:\/\/tiemponoticias.com.ar\/noticias\/wp-json\/wp\/v2\/posts\/10027\/revisions"}],"predecessor-version":[{"id":10029,"href":"https:\/\/tiemponoticias.com.ar\/noticias\/wp-json\/wp\/v2\/posts\/10027\/revisions\/10029"}],"wp:featuredmedia":[{"embeddable":true,"href":"https:\/\/tiemponoticias.com.ar\/noticias\/wp-json\/wp\/v2\/media\/10028"}],"wp:attachment":[{"href":"https:\/\/tiemponoticias.com.ar\/noticias\/wp-json\/wp\/v2\/media?parent=10027"}],"wp:term":[{"taxonomy":"category","embeddable":true,"href":"https:\/\/tiemponoticias.com.ar\/noticias\/wp-json\/wp\/v2\/categories?post=10027"},{"taxonomy":"post_tag","embeddable":true,"href":"https:\/\/tiemponoticias.com.ar\/noticias\/wp-json\/wp\/v2\/tags?post=10027"}],"curies":[{"name":"wp","href":"https:\/\/api.w.org\/{rel}","templated":true}]}}